{"id":1377,"date":"2016-10-08T08:56:06","date_gmt":"2016-10-08T08:56:06","guid":{"rendered":"http:\/\/www.alegro-weltweit.de\/wordpress_neu\/?p=1377"},"modified":"2016-10-08T09:03:14","modified_gmt":"2016-10-08T09:03:14","slug":"nachbereitung-trifft-einreiseseminar","status":"publish","type":"post","link":"http:\/\/www.alegro-weltweit.de\/wordpress_neu\/nachbereitung-trifft-einreiseseminar\/","title":{"rendered":"Nachbereitung trifft Einreiseseminar"},"content":{"rendered":"<p>Im den letzten August Tagen begannen gleich zwei Alegro Seminar in der S\u00e4chsischen Schweiz. Oben in Rathewalde wurden die zur\u00fcckgekehrten Freiwilligen empfangen. Im schattigen Garten des Seminarhauses wurden Geschichten aus dem letzten Jahr in Chile, Ecuador, Mosambik und Uruguay geteilt, Erlebnisse reflektiert und Pl\u00e4ne f\u00fcr die Zukunft geschmiedet. Sechs Kilometer weiter unten &#8211; in Wehlen an der Elbe \u2013 wurden die zw\u00f6lf ecuadorianischen Reverse Freiwilligen willkommen gehei\u00dfen. Im Seminarhaus im Ortskern hatte die Gruppe Zeit sich selbst und einander besser kennenzulernen, W\u00fcnsche f\u00fcr das kommende Jahr auf den Weg zu schicken, Deutschkenntnisse (singend) zu \u00fcben und Kontakt mit den Anwohner_innen und Vorbeireisenden aufzunehmen.<\/p>\n<p>Die N\u00e4he der Seminarorte wollten wir nat\u00fcrlich auch f\u00fcr eine Begegnung beider Gruppen nutzten und so entschieden wir uns, gemeinsam die sch\u00f6ne s\u00e4chsische Schweiz zu erkunden. Mit ca. f\u00fcnfzig Leute \u2013 so gro\u00df war Alegro noch nie \u2013 wanderten wir durch W\u00e4lder und T\u00e4ler, \u00fcber Berge und durch Felsspalte, picknickten am Bach und lie\u00dfen den Abend dann gemeinsam in Rathewalde ausklingen. <img decoding=\"async\" loading=\"lazy\" class=\"alignnone size-full wp-image-1378\" src=\"http:\/\/www.alegro-weltweit.de\/wordpress_neu\/wp-content\/uploads\/2016\/10\/IMG_8147.jpg\" alt=\"IMG_8147\" width=\"3888\" height=\"2592\" srcset=\"http:\/\/www.alegro-weltweit.de\/wordpress_neu\/wp-content\/uploads\/2016\/10\/IMG_8147.jpg 3888w, http:\/\/www.alegro-weltweit.de\/wordpress_neu\/wp-content\/uploads\/2016\/10\/IMG_8147-150x100.jpg 150w, http:\/\/www.alegro-weltweit.de\/wordpress_neu\/wp-content\/uploads\/2016\/10\/IMG_8147-300x200.jpg 300w, http:\/\/www.alegro-weltweit.de\/wordpress_neu\/wp-content\/uploads\/2016\/10\/IMG_8147-768x512.jpg 768w, http:\/\/www.alegro-weltweit.de\/wordpress_neu\/wp-content\/uploads\/2016\/10\/IMG_8147-1024x683.jpg 1024w\" sizes=\"(max-width: 3888px) 100vw, 3888px\" \/><\/p>\n","protected":false},"excerpt":{"rendered":"<p>Im den letzten August Tagen begannen gleich zwei Alegro Seminar in der S\u00e4chsischen Schweiz. Oben in Rathewalde wurden die zur\u00fcckgekehrten Freiwilligen empfangen. Im schattigen Garten des Seminarhauses wurden Geschichten aus<\/p>\n","protected":false},"author":6,"featured_media":0,"comment_status":"closed","ping_status":"open","sticky":false,"template":"","format":"standard","meta":[],"categories":[1],"tags":[],"_links":{"self":[{"href":"http:\/\/www.alegro-weltweit.de\/wordpress_neu\/wp-json\/wp\/v2\/posts\/1377"}],"collection":[{"href":"http:\/\/www.alegro-weltweit.de\/wordpress_neu\/wp-json\/wp\/v2\/posts"}],"about":[{"href":"http:\/\/www.alegro-weltweit.de\/wordpress_neu\/wp-json\/wp\/v2\/types\/post"}],"author":[{"embeddable":true,"href":"http:\/\/www.alegro-weltweit.de\/wordpress_neu\/wp-json\/wp\/v2\/users\/6"}],"replies":[{"embeddable":true,"href":"http:\/\/www.alegro-weltweit.de\/wordpress_neu\/wp-json\/wp\/v2\/comments?post=1377"}],"version-history":[{"count":4,"href":"http:\/\/www.alegro-weltweit.de\/wordpress_neu\/wp-json\/wp\/v2\/posts\/1377\/revisions"}],"predecessor-version":[{"id":1382,"href":"http:\/\/www.alegro-weltweit.de\/wordpress_neu\/wp-json\/wp\/v2\/posts\/1377\/revisions\/1382"}],"wp:attachment":[{"href":"http:\/\/www.alegro-weltweit.de\/wordpress_neu\/wp-json\/wp\/v2\/media?parent=1377"}],"wp:term":[{"taxonomy":"category","embeddable":true,"href":"http:\/\/www.alegro-weltweit.de\/wordpress_neu\/wp-json\/wp\/v2\/categories?post=1377"},{"taxonomy":"post_tag","embeddable":true,"href":"http:\/\/www.alegro-weltweit.de\/wordpress_neu\/wp-json\/wp\/v2\/tags?post=1377"}],"curies":[{"name":"wp","href":"https:\/\/api.w.org\/{rel}","templated":true}]}}