{"id":1747,"date":"2017-07-25T13:53:02","date_gmt":"2017-07-25T13:53:02","guid":{"rendered":"http:\/\/www.alegro-weltweit.de\/wordpress_neu\/?p=1747"},"modified":"2017-07-25T13:55:55","modified_gmt":"2017-07-25T13:55:55","slug":"die-siebte-freiwilligengeneration-reist-aus","status":"publish","type":"post","link":"http:\/\/www.alegro-weltweit.de\/wordpress_neu\/die-siebte-freiwilligengeneration-reist-aus\/","title":{"rendered":"Die siebte Freiwilligengeneration reist aus!"},"content":{"rendered":"<p>In gut zwei Wochen wird die siebte Alegro Nord-S\u00fcd Generation ins Flugzeug steigen, um ihren Freiwilligendienst in Ecuador und Mosambik zu beginnen. Wir freuen uns sehr, dass wir 19 wunderbare Menschen bei ihren Erfahrungen in den n\u00e4chsten 12 Monaten begleiten d\u00fcrfen!<\/p>\n<p>Alle Pl\u00e4tze f\u00fcr einen Freiwilligendienst mit Ausreise in diesem Jahr sind nun belegt. Eine Bewerbung ist nicht mehr m\u00f6glich. Im kommende Sommer werden wir dann wahrscheinlich wieder Freiwillige aus unseren Partnerl\u00e4ndern f\u00fcr einen Freiwilligendienst in Deutschland begr\u00fc\u00dfen d\u00fcrfen. Eine Bewerbung f\u00fcr einen Freiwilligendienst in Ausland ab Sommer 2018 ist deshalb auch nicht m\u00f6glich.<\/p>\n","protected":false},"excerpt":{"rendered":"<p>In gut zwei Wochen wird die siebte Alegro Nord-S\u00fcd Generation ins Flugzeug steigen, um ihren Freiwilligendienst in Ecuador und Mosambik zu beginnen. Wir freuen uns sehr, dass wir 19 wunderbare<\/p>\n","protected":false},"author":6,"featured_media":0,"comment_status":"closed","ping_status":"open","sticky":false,"template":"","format":"standard","meta":[],"categories":[1],"tags":[],"_links":{"self":[{"href":"http:\/\/www.alegro-weltweit.de\/wordpress_neu\/wp-json\/wp\/v2\/posts\/1747"}],"collection":[{"href":"http:\/\/www.alegro-weltweit.de\/wordpress_neu\/wp-json\/wp\/v2\/posts"}],"about":[{"href":"http:\/\/www.alegro-weltweit.de\/wordpress_neu\/wp-json\/wp\/v2\/types\/post"}],"author":[{"embeddable":true,"href":"http:\/\/www.alegro-weltweit.de\/wordpress_neu\/wp-json\/wp\/v2\/users\/6"}],"replies":[{"embeddable":true,"href":"http:\/\/www.alegro-weltweit.de\/wordpress_neu\/wp-json\/wp\/v2\/comments?post=1747"}],"version-history":[{"count":2,"href":"http:\/\/www.alegro-weltweit.de\/wordpress_neu\/wp-json\/wp\/v2\/posts\/1747\/revisions"}],"predecessor-version":[{"id":1749,"href":"http:\/\/www.alegro-weltweit.de\/wordpress_neu\/wp-json\/wp\/v2\/posts\/1747\/revisions\/1749"}],"wp:attachment":[{"href":"http:\/\/www.alegro-weltweit.de\/wordpress_neu\/wp-json\/wp\/v2\/media?parent=1747"}],"wp:term":[{"taxonomy":"category","embeddable":true,"href":"http:\/\/www.alegro-weltweit.de\/wordpress_neu\/wp-json\/wp\/v2\/categories?post=1747"},{"taxonomy":"post_tag","embeddable":true,"href":"http:\/\/www.alegro-weltweit.de\/wordpress_neu\/wp-json\/wp\/v2\/tags?post=1747"}],"curies":[{"name":"wp","href":"https:\/\/api.w.org\/{rel}","templated":true}]}}