{"id":1828,"date":"2017-09-06T17:13:11","date_gmt":"2017-09-06T17:13:11","guid":{"rendered":"http:\/\/www.alegro-weltweit.de\/wordpress_neu\/?p=1828"},"modified":"2017-09-18T14:09:14","modified_gmt":"2017-09-18T14:09:14","slug":"farben-tranen-und-viel-liebe","status":"publish","type":"post","link":"http:\/\/www.alegro-weltweit.de\/wordpress_neu\/farben-tranen-und-viel-liebe\/","title":{"rendered":"Farben, Tr\u00e4nen und viel Liebe"},"content":{"rendered":"<p><img decoding=\"async\" loading=\"lazy\" class=\"wp-image-1833 size-medium alignleft\" src=\"http:\/\/www.alegro-weltweit.de\/wordpress_neu\/wp-content\/uploads\/2017\/09\/IMG_5326-300x200.jpg\" alt=\"IMG_5326\" width=\"300\" height=\"200\" srcset=\"http:\/\/www.alegro-weltweit.de\/wordpress_neu\/wp-content\/uploads\/2017\/09\/IMG_5326-300x200.jpg 300w, http:\/\/www.alegro-weltweit.de\/wordpress_neu\/wp-content\/uploads\/2017\/09\/IMG_5326-150x100.jpg 150w, http:\/\/www.alegro-weltweit.de\/wordpress_neu\/wp-content\/uploads\/2017\/09\/IMG_5326-768x512.jpg 768w, http:\/\/www.alegro-weltweit.de\/wordpress_neu\/wp-content\/uploads\/2017\/09\/IMG_5326-1024x683.jpg 1024w\" sizes=\"(max-width: 300px) 100vw, 300px\" \/>Und schon ist wieder ein Jahr vergangen. Ende August hie\u00df es Abschied nehmen von den <a href=\"http:\/\/www.alegro-weltweit.de\/wordpress_neu\/?page_id=1296\">12 ecuadorianischen Freiwilligen<\/a>, die unser letztes Jahr bereichert haben. Die letzten Tage der 12 durften wir gemeinsam mit ihnen in der Sissi in Wukania verbringen.<\/p>\n<p>Es war Tage voller Geschichten und\u00a0 Erinnerungen, Inspirationen und Visionen, Dankbarkeit und Liebe. Dabei gab es Platz f\u00fcr jede und jeden sich auf seine*ihre Weise mit dem Erlebten\u00a0auseinander zusetzten, zu erinnern, zu teilen. Zeit zu erz\u00e4hlen und Fotos zeigen, aber auch zum gemeinsamen Malen, Bewegen, Tanzen, Meditieren, Schweigen und Singen.<!--more--><\/p>\n<p><img decoding=\"async\" loading=\"lazy\" class=\"alignnone size-full wp-image-1846\" src=\"http:\/\/www.alegro-weltweit.de\/wordpress_neu\/wp-content\/uploads\/2017\/09\/Unbenannt.png\" alt=\"Unbenannt\" width=\"6902\" height=\"5184\" srcset=\"http:\/\/www.alegro-weltweit.de\/wordpress_neu\/wp-content\/uploads\/2017\/09\/Unbenannt.png 6902w, http:\/\/www.alegro-weltweit.de\/wordpress_neu\/wp-content\/uploads\/2017\/09\/Unbenannt-150x113.png 150w, http:\/\/www.alegro-weltweit.de\/wordpress_neu\/wp-content\/uploads\/2017\/09\/Unbenannt-300x225.png 300w, http:\/\/www.alegro-weltweit.de\/wordpress_neu\/wp-content\/uploads\/2017\/09\/Unbenannt-768x577.png 768w, http:\/\/www.alegro-weltweit.de\/wordpress_neu\/wp-content\/uploads\/2017\/09\/Unbenannt-1024x769.png 1024w\" sizes=\"(max-width: 6902px) 100vw, 6902px\" \/><\/p>\n<p>Neben dem Zur\u00fcckschauen wurde auf dem Seminar auch in die Zukunft geschaut und gefragt: Was nehme ich mit? Und was lasse ich hier? Was ist mir eigentlich wichtig und wof\u00fcr m\u00f6chte ich mich nach dem Freiwilligendienst einsetzten? <img decoding=\"async\" loading=\"lazy\" class=\"alignright wp-image-1829 size-medium\" src=\"http:\/\/www.alegro-weltweit.de\/wordpress_neu\/wp-content\/uploads\/2017\/09\/IMG_5347-300x200.jpg\" alt=\"IMG_5347\" width=\"300\" height=\"200\" srcset=\"http:\/\/www.alegro-weltweit.de\/wordpress_neu\/wp-content\/uploads\/2017\/09\/IMG_5347-300x200.jpg 300w, http:\/\/www.alegro-weltweit.de\/wordpress_neu\/wp-content\/uploads\/2017\/09\/IMG_5347-150x100.jpg 150w, http:\/\/www.alegro-weltweit.de\/wordpress_neu\/wp-content\/uploads\/2017\/09\/IMG_5347-768x512.jpg 768w, http:\/\/www.alegro-weltweit.de\/wordpress_neu\/wp-content\/uploads\/2017\/09\/IMG_5347-1024x683.jpg 1024w\" sizes=\"(max-width: 300px) 100vw, 300px\" \/>Und wie geht es jetzt weiter mit Alegro (Ecuador?) und dem Reverse-Freiwilligendienst?<\/p>\n<p>Das Wetter war dabei so durchwachsen wie die Gef\u00fchle. Regen und Tr\u00e4nen, Sonne und (Vor)Freude und alles dazwischen wechselten sich ab. In den sonnigen Momenten ging&#8217;s zum See: Schwimmen, den Kopf frei kriegen, genie\u00dfen.<\/p>\n<p>Nach einer langen Nacht am Lagerfeuer ging es dann fr\u00fch morgens um 6 Uhr los zum Flughafen. Nun hie\u00df es wirklich Abschied nehmen. Wir w\u00fcnschen euch ein gutes Ankommen Zuhause und freuen uns euch bald irgendwo auf der Welt wiederzusehen!<\/p>\n<p><img decoding=\"async\" loading=\"lazy\" class=\"alignnone size-full wp-image-1831\" src=\"http:\/\/www.alegro-weltweit.de\/wordpress_neu\/wp-content\/uploads\/2017\/09\/IMG_5446.jpg\" alt=\"IMG_5446\" width=\"5184\" height=\"3456\" srcset=\"http:\/\/www.alegro-weltweit.de\/wordpress_neu\/wp-content\/uploads\/2017\/09\/IMG_5446.jpg 5184w, http:\/\/www.alegro-weltweit.de\/wordpress_neu\/wp-content\/uploads\/2017\/09\/IMG_5446-150x100.jpg 150w, http:\/\/www.alegro-weltweit.de\/wordpress_neu\/wp-content\/uploads\/2017\/09\/IMG_5446-300x200.jpg 300w, http:\/\/www.alegro-weltweit.de\/wordpress_neu\/wp-content\/uploads\/2017\/09\/IMG_5446-768x512.jpg 768w, http:\/\/www.alegro-weltweit.de\/wordpress_neu\/wp-content\/uploads\/2017\/09\/IMG_5446-1024x683.jpg 1024w\" sizes=\"(max-width: 5184px) 100vw, 5184px\" \/><\/p>\n","protected":false},"excerpt":{"rendered":"<p>Und schon ist wieder ein Jahr vergangen. Ende August hie\u00df es Abschied nehmen von den 12 ecuadorianischen Freiwilligen, die unser letztes Jahr bereichert haben. Die letzten Tage der 12 durften<\/p>\n","protected":false},"author":6,"featured_media":0,"comment_status":"closed","ping_status":"open","sticky":false,"template":"","format":"standard","meta":[],"categories":[1],"tags":[],"_links":{"self":[{"href":"http:\/\/www.alegro-weltweit.de\/wordpress_neu\/wp-json\/wp\/v2\/posts\/1828"}],"collection":[{"href":"http:\/\/www.alegro-weltweit.de\/wordpress_neu\/wp-json\/wp\/v2\/posts"}],"about":[{"href":"http:\/\/www.alegro-weltweit.de\/wordpress_neu\/wp-json\/wp\/v2\/types\/post"}],"author":[{"embeddable":true,"href":"http:\/\/www.alegro-weltweit.de\/wordpress_neu\/wp-json\/wp\/v2\/users\/6"}],"replies":[{"embeddable":true,"href":"http:\/\/www.alegro-weltweit.de\/wordpress_neu\/wp-json\/wp\/v2\/comments?post=1828"}],"version-history":[{"count":20,"href":"http:\/\/www.alegro-weltweit.de\/wordpress_neu\/wp-json\/wp\/v2\/posts\/1828\/revisions"}],"predecessor-version":[{"id":1874,"href":"http:\/\/www.alegro-weltweit.de\/wordpress_neu\/wp-json\/wp\/v2\/posts\/1828\/revisions\/1874"}],"wp:attachment":[{"href":"http:\/\/www.alegro-weltweit.de\/wordpress_neu\/wp-json\/wp\/v2\/media?parent=1828"}],"wp:term":[{"taxonomy":"category","embeddable":true,"href":"http:\/\/www.alegro-weltweit.de\/wordpress_neu\/wp-json\/wp\/v2\/categories?post=1828"},{"taxonomy":"post_tag","embeddable":true,"href":"http:\/\/www.alegro-weltweit.de\/wordpress_neu\/wp-json\/wp\/v2\/tags?post=1828"}],"curies":[{"name":"wp","href":"https:\/\/api.w.org\/{rel}","templated":true}]}}